{"id":14604,"date":"2019-05-21T21:27:03","date_gmt":"2019-05-21T19:27:03","guid":{"rendered":"https:\/\/www.olielo.com\/?p=14604"},"modified":"2019-05-22T10:16:12","modified_gmt":"2019-05-22T08:16:12","slug":"spa-nescens-la-reserve-geneve","status":"publish","type":"post","link":"https:\/\/www.olielo.com\/fr\/spa-nescens-la-reserve-geneve\/","title":{"rendered":"Spa Nescens &#8211; La R\u00e9serve Gen\u00e8ve"},"content":{"rendered":"<p>Durant <a href=\"https:\/\/www.olielo.com\/fr\/hotel-review\/la-reserve-geneve-suite-lac\/\">notre r\u00e9cent s\u00e9jour \u00e0 La R\u00e9serve Gen\u00e8ve<\/a>, nous avons notamment pu d\u00e9couvrir le magnifique spa Nescens de l&rsquo;h\u00f4tel. Cet espace d&rsquo;exception d\u00e9di\u00e9 au bien-\u00eatre s&rsquo;\u00e9tend sur plus de 2.500 m\u00b2 en rez de jardin. Le spa Nescens est accessible aux clients de l&rsquo;h\u00f4tel ainsi qu&rsquo;aux membres du spa. Devenir membre du spa permet en effet de profiter de ses infrastructures de pointe tout au long de l&rsquo;ann\u00e9e. Vous avez la possibilit\u00e9 de b\u00e9n\u00e9ficier des services de ce spa unique \u00e0 Gen\u00e8ve via un acc\u00e8s journalier ou juste vous faire chouchouter lors de soins.<\/p>\n<p>Le spa de La R\u00e9serve est assur\u00e9ment l&rsquo;un des plus spacieux et luxueux spas d&rsquo;h\u00f4tels en Europe. Ici, tout n&rsquo;est que luxe, calme et volupt\u00e9.<\/p>\n<div id=\"attachment_14689\" style=\"width: 910px\" class=\"wp-caption aligncenter\"><a href=\"https:\/\/www.olielo.com\/wp-content\/uploads\/2019\/05\/piscine-spa-geneve.jpg\"><img loading=\"lazy\" decoding=\"async\" aria-describedby=\"caption-attachment-14689\" class=\"size-full wp-image-14689\" src=\"https:\/\/www.olielo.com\/wp-content\/uploads\/2019\/05\/piscine-spa-geneve.jpg\" alt=\"La R\u00e9serve Gen\u00e8ve - Spa Nescens - Piscine int\u00e9rieure\" width=\"900\" height=\"600\" srcset=\"https:\/\/www.olielo.com\/wp-content\/uploads\/2019\/05\/piscine-spa-geneve.jpg 900w, https:\/\/www.olielo.com\/wp-content\/uploads\/2019\/05\/piscine-spa-geneve-300x200.jpg 300w, https:\/\/www.olielo.com\/wp-content\/uploads\/2019\/05\/piscine-spa-geneve-768x512.jpg 768w, https:\/\/www.olielo.com\/wp-content\/uploads\/2019\/05\/piscine-spa-geneve-750x500.jpg 750w\" sizes=\"auto, (max-width: 900px) 100vw, 900px\" \/><\/a><\/p>\n<p id=\"caption-attachment-14689\" class=\"wp-caption-text\">La piscine int\u00e9rieure<\/p>\n<\/div>\n<h2>Les diff\u00e9rents services du Spa Nescens<\/h2>\n<p>Voici la liste exhaustive des services que ce spa tr\u00e8s complet propose :<\/p>\n<ul>\n<li>piscine int\u00e9rieure chauff\u00e9e<\/li>\n<li>piscine ext\u00e9rieure en saison<\/li>\n<li>sauna s\u00e9par\u00e9 pour les femmes et les hommes<\/li>\n<li>hammam s\u00e9par\u00e9 pour les femmes et les hommes<\/li>\n<li>salle de fitness<\/li>\n<li>salon de coiffure Rossano Ferretti<\/li>\n<li>club enfants La Petite R\u00e9serve<\/li>\n<li>courts de tennis en terre battue<\/li>\n<li>cours collectifs de pilates, stretching, yoga, aquagym, etc&#8230;<\/li>\n<li>soins esth\u00e9tiques et maquillage<\/li>\n<li>soins bien-\u00eatre et massages<\/li>\n<li>consultation d&rsquo;ost\u00e9opathie<\/li>\n<li>programme complet de soins sur plusieurs jours<\/li>\n<li>restaurant healthy Le Caf\u00e9 Lauren<\/li>\n<\/ul>\n<div id=\"attachment_14733\" style=\"width: 910px\" class=\"wp-caption aligncenter\"><a href=\"https:\/\/www.olielo.com\/wp-content\/uploads\/2019\/05\/vestiaires-spa-geneve.jpg\"><img loading=\"lazy\" decoding=\"async\" aria-describedby=\"caption-attachment-14733\" class=\"size-full wp-image-14733\" src=\"https:\/\/www.olielo.com\/wp-content\/uploads\/2019\/05\/vestiaires-spa-geneve.jpg\" alt=\"La R\u00e9serve Gen\u00e8ve - Vestiaires du Spa Nescens\" width=\"900\" height=\"600\" srcset=\"https:\/\/www.olielo.com\/wp-content\/uploads\/2019\/05\/vestiaires-spa-geneve.jpg 900w, https:\/\/www.olielo.com\/wp-content\/uploads\/2019\/05\/vestiaires-spa-geneve-300x200.jpg 300w, https:\/\/www.olielo.com\/wp-content\/uploads\/2019\/05\/vestiaires-spa-geneve-768x512.jpg 768w, https:\/\/www.olielo.com\/wp-content\/uploads\/2019\/05\/vestiaires-spa-geneve-750x500.jpg 750w\" sizes=\"auto, (max-width: 900px) 100vw, 900px\" \/><\/a><\/p>\n<p id=\"caption-attachment-14733\" class=\"wp-caption-text\">Vestiaires du Spa Nescens<\/p>\n<\/div>\n<p>La carte des soins prodigu\u00e9s est certainement la plus \u00e9labor\u00e9e que nous n&rsquo;ayons vu. Certains soins reprennent les protocoles Nescens tandis que d&rsquo;autres sont bas\u00e9s sur ceux de La Prairie, deux marques suisses reconnues pour leur expertise en mati\u00e8re de soins anti \u00e2ge.<\/p>\n<div id=\"attachment_14725\" style=\"width: 910px\" class=\"wp-caption aligncenter\"><a href=\"https:\/\/www.olielo.com\/wp-content\/uploads\/2019\/05\/suiss-beauty-products.jpg\"><img loading=\"lazy\" decoding=\"async\" aria-describedby=\"caption-attachment-14725\" class=\"wp-image-14725 size-full\" src=\"https:\/\/www.olielo.com\/wp-content\/uploads\/2019\/05\/suiss-beauty-products.jpg\" alt=\"Produits Nescens\" width=\"900\" height=\"600\" srcset=\"https:\/\/www.olielo.com\/wp-content\/uploads\/2019\/05\/suiss-beauty-products.jpg 900w, https:\/\/www.olielo.com\/wp-content\/uploads\/2019\/05\/suiss-beauty-products-300x200.jpg 300w, https:\/\/www.olielo.com\/wp-content\/uploads\/2019\/05\/suiss-beauty-products-768x512.jpg 768w, https:\/\/www.olielo.com\/wp-content\/uploads\/2019\/05\/suiss-beauty-products-750x500.jpg 750w\" sizes=\"auto, (max-width: 900px) 100vw, 900px\" \/><\/a><\/p>\n<p id=\"caption-attachment-14725\" class=\"wp-caption-text\">Produits Nescens<\/p>\n<\/div>\n<div id='gallery-1' class='gallery galleryid-14604 gallery-columns-2 gallery-size-medium'>\n<dl class='gallery-item'>\n<dt class='gallery-icon landscape'>\n\t\t\t\t<a href='https:\/\/www.olielo.com\/wp-content\/uploads\/2019\/05\/spa-la-prairie.jpg'><img loading=\"lazy\" decoding=\"async\" width=\"300\" height=\"200\" src=\"https:\/\/www.olielo.com\/wp-content\/uploads\/2019\/05\/spa-la-prairie-300x200.jpg\" class=\"attachment-medium size-medium\" alt=\"Produits La Prairie\" aria-describedby=\"gallery-1-14717\" srcset=\"https:\/\/www.olielo.com\/wp-content\/uploads\/2019\/05\/spa-la-prairie-300x200.jpg 300w, https:\/\/www.olielo.com\/wp-content\/uploads\/2019\/05\/spa-la-prairie-768x512.jpg 768w, https:\/\/www.olielo.com\/wp-content\/uploads\/2019\/05\/spa-la-prairie-750x500.jpg 750w, https:\/\/www.olielo.com\/wp-content\/uploads\/2019\/05\/spa-la-prairie.jpg 900w\" sizes=\"auto, (max-width: 300px) 100vw, 300px\" \/><\/a>\n\t\t\t<\/dt>\n<dd class='wp-caption-text gallery-caption' id='gallery-1-14717'>\n\t\t\t\tLa gamme La Prairie\n\t\t\t\t<\/dd>\n<\/dl>\n<dl class='gallery-item'>\n<dt class='gallery-icon landscape'>\n\t\t\t\t<a href='https:\/\/www.olielo.com\/wp-content\/uploads\/2019\/05\/marque-de-soin-suisse.jpg'><img loading=\"lazy\" decoding=\"async\" width=\"300\" height=\"200\" src=\"https:\/\/www.olielo.com\/wp-content\/uploads\/2019\/05\/marque-de-soin-suisse-300x200.jpg\" class=\"attachment-medium size-medium\" alt=\"La R\u00e9serve Gen\u00e8ve - Spa Nescens - Produits Nescens\" aria-describedby=\"gallery-1-14677\" srcset=\"https:\/\/www.olielo.com\/wp-content\/uploads\/2019\/05\/marque-de-soin-suisse-300x200.jpg 300w, https:\/\/www.olielo.com\/wp-content\/uploads\/2019\/05\/marque-de-soin-suisse-768x512.jpg 768w, https:\/\/www.olielo.com\/wp-content\/uploads\/2019\/05\/marque-de-soin-suisse-750x500.jpg 750w, https:\/\/www.olielo.com\/wp-content\/uploads\/2019\/05\/marque-de-soin-suisse.jpg 900w\" sizes=\"auto, (max-width: 300px) 100vw, 300px\" \/><\/a>\n\t\t\t<\/dt>\n<dd class='wp-caption-text gallery-caption' id='gallery-1-14677'>\n\t\t\t\tProduits Nescens\n\t\t\t\t<\/dd>\n<\/dl>\n<p><br style=\"clear: both\" \/>\n\t\t<\/div>\n<p>Vous appr\u00e9cierez le cadre reposant de ce spa. La d\u00e9coration claire et \u00e9pur\u00e9e invite v\u00e9ritablement \u00e0 la d\u00e9tente et au l\u00e2cher prise. Agr\u00e9ablement chauff\u00e9e, la piscine est absolument magnifique. Et quel plaisir de s&rsquo;y attarder, allong\u00e9 sur une des confortables chaises longues qui la bordent!<\/p>\n<div id=\"attachment_14651\" style=\"width: 910px\" class=\"wp-caption aligncenter\"><a href=\"https:\/\/www.olielo.com\/wp-content\/uploads\/2019\/05\/la-reserve-geneva-piscine-spa.jpg\"><img loading=\"lazy\" decoding=\"async\" aria-describedby=\"caption-attachment-14651\" class=\"size-full wp-image-14651\" src=\"https:\/\/www.olielo.com\/wp-content\/uploads\/2019\/05\/la-reserve-geneva-piscine-spa.jpg\" alt=\"La R\u00e9serve Gen\u00e8ve - La piscine int\u00e9rieure\" width=\"900\" height=\"600\" srcset=\"https:\/\/www.olielo.com\/wp-content\/uploads\/2019\/05\/la-reserve-geneva-piscine-spa.jpg 900w, https:\/\/www.olielo.com\/wp-content\/uploads\/2019\/05\/la-reserve-geneva-piscine-spa-300x200.jpg 300w, https:\/\/www.olielo.com\/wp-content\/uploads\/2019\/05\/la-reserve-geneva-piscine-spa-768x512.jpg 768w, https:\/\/www.olielo.com\/wp-content\/uploads\/2019\/05\/la-reserve-geneva-piscine-spa-750x500.jpg 750w\" sizes=\"auto, (max-width: 900px) 100vw, 900px\" \/><\/a><\/p>\n<p id=\"caption-attachment-14651\" class=\"wp-caption-text\">La piscine int\u00e9rieure<\/p>\n<\/div>\n<p>Dans ce m\u00eame souci du d\u00e9tail, la salle de sport regorge d&rsquo;\u00e9quipements de la marque Technogym, une r\u00e9f\u00e9rence en la mati\u00e8re. Des coachs sont \u00e0 votre disposition pour vous prodiguer des conseils avis\u00e9s. Vous pouvez m\u00eame b\u00e9n\u00e9ficier d&rsquo;un coaching particulier si vous le souhaitez.<\/p>\n<div id=\"attachment_14715\" style=\"width: 910px\" class=\"wp-caption aligncenter\"><a href=\"https:\/\/www.olielo.com\/wp-content\/uploads\/2019\/05\/salle-fitness-la-reserve-geneve.jpg\"><img loading=\"lazy\" decoding=\"async\" aria-describedby=\"caption-attachment-14715\" class=\"size-full wp-image-14715\" src=\"https:\/\/www.olielo.com\/wp-content\/uploads\/2019\/05\/salle-fitness-la-reserve-geneve.jpg\" alt=\"La R\u00e9serve Gen\u00e8ve - Salle de fitness\" width=\"900\" height=\"600\" srcset=\"https:\/\/www.olielo.com\/wp-content\/uploads\/2019\/05\/salle-fitness-la-reserve-geneve.jpg 900w, https:\/\/www.olielo.com\/wp-content\/uploads\/2019\/05\/salle-fitness-la-reserve-geneve-300x200.jpg 300w, https:\/\/www.olielo.com\/wp-content\/uploads\/2019\/05\/salle-fitness-la-reserve-geneve-768x512.jpg 768w, https:\/\/www.olielo.com\/wp-content\/uploads\/2019\/05\/salle-fitness-la-reserve-geneve-750x500.jpg 750w\" sizes=\"auto, (max-width: 900px) 100vw, 900px\" \/><\/a><\/p>\n<p id=\"caption-attachment-14715\" class=\"wp-caption-text\">Salle de fitness<\/p>\n<\/div>\n<h2>Les soins Nescens<\/h2>\n<p>Nescens est une marque de cosm\u00e9ceutiques, produits \u00e0 la crois\u00e9e des chemins entre les cosm\u00e9tiques et les m\u00e9dicaments pharmaceutiques. Ces produits ont fait l&rsquo;objet de recherches pouss\u00e9es pour obtenir une efficacit\u00e9 r\u00e9elle et durable.<\/p>\n<p>Nous avons choisi d&rsquo;essayer le massage d\u00e9stressant dont l&rsquo;objectif, est comme son nom l&rsquo;indique, de r\u00e9duire le stress. Le soin se d\u00e9roule dans le cadre d&rsquo;une cabine \u00e0 l&rsquo;atmosph\u00e8re reposante, berc\u00e9e d&rsquo;une douce musique. La table de massage est tr\u00e8s confortable, l\u00e9g\u00e8rement chauff\u00e9e. Avant de d\u00e9buter le soin,\u00a0 un choix de 4 huiles de massage vous est propos\u00e9.<\/p>\n<p>S\u00e9verine et Yoann, nos praticiens pour ces soins, font preuve d&rsquo;un tr\u00e8s grand professionnalisme. Les gestes sont s\u00fbrs et efficaces. La d\u00e9tente compl\u00e8te est obtenue sans aucune pression inutile ou douloureuse. Ce soin commence par un massage cr\u00e2nien et se termine sur le dos. Toutes les zones du corps sont trait\u00e9es avec une grande attention pour une relaxation optimale. Ce soin est disponible en 3 dur\u00e9es : 1h, 1h30 et 2h.<\/p>\n<p>Pour vous donner une id\u00e9e du niveau de d\u00e9tail recherch\u00e9, les praticiens retirent leurs chaussures durant le soin afin d&rsquo;\u00e9viter tout bruit parasite. Nous nous sommes vraiment sentis tr\u00e8s d\u00e9tendus apr\u00e8s ce soin. Cet effet de d\u00e9tente est durable. Il perdure plusieurs jours apr\u00e8s le massage.<\/p>\n<p>Au-del\u00e0 des soins dispens\u00e9s habituellement dans les spas, Nescens dispose \u00e9galement d&rsquo;une offre sp\u00e9cifique de programmes sant\u00e9 li\u00e9s \u00e0 son savoir-faire en la mati\u00e8re. Les programmes Better-Aging sur 4, 7 ou 14 jours permettent de faire un bilan avec un m\u00e9decin, un ost\u00e9opathe et un nutritionniste. Ensuite, chaque jour, ses soins, des activit\u00e9s physiques et des repas adapt\u00e9s sont propos\u00e9s. Les bienfaits de ces programmes : perdre du poids et lutter contre le vieillissement cellulaire. De plus, chaque cure est l&rsquo;occasion de faire un bilan tr\u00e8s complet mais aussi de prendre de bonnes habitudes. En compl\u00e9ment de ces programmes, il est possible de faire un check-up m\u00e9dical encore plus complet dans une clinique Nescens.<\/p>\n<div id=\"attachment_14653\" style=\"width: 910px\" class=\"wp-caption aligncenter\"><a href=\"https:\/\/www.olielo.com\/wp-content\/uploads\/2019\/05\/la-reserve-geneva-pool.jpg\"><img loading=\"lazy\" decoding=\"async\" aria-describedby=\"caption-attachment-14653\" class=\"size-full wp-image-14653\" src=\"https:\/\/www.olielo.com\/wp-content\/uploads\/2019\/05\/la-reserve-geneva-pool.jpg\" alt=\"La R\u00e9serve Gen\u00e8ve - piscine ext\u00e9rieure\" width=\"900\" height=\"600\" srcset=\"https:\/\/www.olielo.com\/wp-content\/uploads\/2019\/05\/la-reserve-geneva-pool.jpg 900w, https:\/\/www.olielo.com\/wp-content\/uploads\/2019\/05\/la-reserve-geneva-pool-300x200.jpg 300w, https:\/\/www.olielo.com\/wp-content\/uploads\/2019\/05\/la-reserve-geneva-pool-768x512.jpg 768w, https:\/\/www.olielo.com\/wp-content\/uploads\/2019\/05\/la-reserve-geneva-pool-750x500.jpg 750w\" sizes=\"auto, (max-width: 900px) 100vw, 900px\" \/><\/a><\/p>\n<p id=\"caption-attachment-14653\" class=\"wp-caption-text\">La piscine ext\u00e9rieure<\/p>\n<\/div>\n<h2>A propos de La R\u00e9serve Gen\u00e8ve<\/h2>\n<p>La R\u00e9serve Gen\u00e8ve est un resort situ\u00e9 \u00e0 quelques minutes du centre ville de Gen\u00e8ve. Vous y d\u00e9couvrirez 5 restaurants dont un restaurant chinois \u00e9toil\u00e9, le Ts\u00e9 Fung. Situ\u00e9 le long du Lac L\u00e9man, l&rsquo;h\u00f4tel offre \u00e0 ses h\u00f4tes une exp\u00e9rience tr\u00e8s compl\u00e8te avec le spa Nescens mais aussi de nombreuses autres activit\u00e9s ext\u00e9rieures d\u00e8s les beaux jours. Le ponton de l&rsquo;h\u00f4tel permet de profiter d&rsquo;activit\u00e9s nautiques et \u00e9galement de prendre le bateau pour rejoindre le centre de Gen\u00e8ve en 10 minutes.<\/p>\n<p>La d\u00e9coration sign\u00e9e Jacques Garcia s&rsquo;inspire d&rsquo;un lodge africain avec des teintes bois\u00e9es oscillant entre le noir et le rouge. Le tout est extr\u00eamement chaleureux. L&rsquo;h\u00f4tel dispose de 102 de chambres et suites r\u00e9parties sur deux b\u00e2timents. Il fait partie du groupe La R\u00e9serve de Michel Reybier, au m\u00eame titre que La R\u00e9serve Paris et La R\u00e9serve Ramatuelle.<\/p>\n<div id=\"attachment_14691\" style=\"width: 910px\" class=\"wp-caption aligncenter\"><a href=\"https:\/\/www.olielo.com\/wp-content\/uploads\/2019\/05\/restaurant-chinois-etoile.jpg\"><img loading=\"lazy\" decoding=\"async\" aria-describedby=\"caption-attachment-14691\" class=\"size-full wp-image-14691\" src=\"https:\/\/www.olielo.com\/wp-content\/uploads\/2019\/05\/restaurant-chinois-etoile.jpg\" alt=\"La R\u00e9serve Gen\u00e8ve - Restaurant chinois \u00e9toil\u00e9 Ts\u00e9 Fung\" width=\"900\" height=\"600\" srcset=\"https:\/\/www.olielo.com\/wp-content\/uploads\/2019\/05\/restaurant-chinois-etoile.jpg 900w, https:\/\/www.olielo.com\/wp-content\/uploads\/2019\/05\/restaurant-chinois-etoile-300x200.jpg 300w, https:\/\/www.olielo.com\/wp-content\/uploads\/2019\/05\/restaurant-chinois-etoile-768x512.jpg 768w, https:\/\/www.olielo.com\/wp-content\/uploads\/2019\/05\/restaurant-chinois-etoile-750x500.jpg 750w\" sizes=\"auto, (max-width: 900px) 100vw, 900px\" \/><\/a><\/p>\n<p id=\"caption-attachment-14691\" class=\"wp-caption-text\">Le Restaurant Ts\u00e9 Fung<\/p>\n<\/div>\n","protected":false},"excerpt":{"rendered":"<p>Durant notre r\u00e9cent s\u00e9jour \u00e0 La R\u00e9serve Gen\u00e8ve, nous avons notamment pu d\u00e9couvrir le magnifique spa Nescens de l&rsquo;h\u00f4tel. Cet espace d&rsquo;exception d\u00e9di\u00e9 au bien-\u00eatre s&rsquo;\u00e9tend sur plus de 2.500 m\u00b2 en rez de jardin. Le spa Nescens est accessible aux clients de l&rsquo;h\u00f4tel ainsi qu&rsquo;aux membres du spa. Devenir membre du spa permet en effet de profiter de ses infrastructures de pointe tout au long de l&rsquo;ann\u00e9e. Vous avez&#8230;<\/p>\n","protected":false},"author":1,"featured_media":14721,"comment_status":"closed","ping_status":"closed","sticky":false,"template":"","format":"standard","meta":{"_monsterinsights_skip_tracking":false,"_monsterinsights_sitenote_active":false,"_monsterinsights_sitenote_note":"","_monsterinsights_sitenote_category":0,"footnotes":""},"categories":[107],"tags":[],"class_list":["post-14604","post","type-post","status-publish","format-standard","has-post-thumbnail","hentry","category-spa-fr"],"yoast_head":"<!-- This site is optimized with the Yoast SEO plugin v24.8.1 - https:\/\/yoast.com\/wordpress\/plugins\/seo\/ -->\n<title>Spa Nescens \u00e0 La R\u00e9serve Gen\u00e8ve : spa de luxe en Suisse<\/title>\n<meta name=\"description\" content=\"Vous \u00eates \u00e0 la recherche d&#039;un spa de luxe \u00e0 Gen\u00e8ve? D\u00e9couvrez notre avis sur le spa Nescens de La R\u00e9serve Gen\u00e8ve en Suisse, un spa de luxe sp\u00e9cialis\u00e9e dans les soins anti-\u00e2ge.\" \/>\n<meta name=\"robots\" content=\"index, follow, max-snippet:-1, max-image-preview:large, max-video-preview:-1\" \/>\n<link rel=\"canonical\" href=\"https:\/\/www.olielo.com\/fr\/spa-nescens-la-reserve-geneve\/\" \/>\n<meta property=\"og:locale\" content=\"fr_FR\" \/>\n<meta property=\"og:type\" content=\"article\" \/>\n<meta property=\"og:title\" content=\"Spa Nescens \u00e0 La R\u00e9serve Gen\u00e8ve : spa de luxe en Suisse\" \/>\n<meta property=\"og:description\" content=\"Vous \u00eates \u00e0 la recherche d&#039;un spa de luxe \u00e0 Gen\u00e8ve? D\u00e9couvrez notre avis sur le spa Nescens de La R\u00e9serve Gen\u00e8ve en Suisse, un spa de luxe sp\u00e9cialis\u00e9e dans les soins anti-\u00e2ge.\" \/>\n<meta property=\"og:url\" content=\"https:\/\/www.olielo.com\/fr\/spa-nescens-la-reserve-geneve\/\" \/>\n<meta property=\"og:site_name\" content=\"Olielo\" \/>\n<meta property=\"article:publisher\" content=\"https:\/\/www.facebook.com\/olielotravels\" \/>\n<meta property=\"article:published_time\" content=\"2019-05-21T19:27:03+00:00\" \/>\n<meta property=\"article:modified_time\" content=\"2019-05-22T08:16:12+00:00\" \/>\n<meta property=\"og:image\" content=\"https:\/\/www.olielo.com\/wp-content\/uploads\/2019\/05\/spa-la-reserve-geneve.jpg\" \/>\n\t<meta property=\"og:image:width\" content=\"900\" \/>\n\t<meta property=\"og:image:height\" content=\"600\" \/>\n\t<meta property=\"og:image:type\" content=\"image\/jpeg\" \/>\n<meta name=\"author\" content=\"Olivier\" \/>\n<meta name=\"twitter:card\" content=\"summary_large_image\" \/>\n<meta name=\"twitter:creator\" content=\"@olielo_travels\" \/>\n<meta name=\"twitter:site\" content=\"@olielo_travels\" \/>\n<meta name=\"twitter:label1\" content=\"\u00c9crit par\" \/>\n\t<meta name=\"twitter:data1\" content=\"Olivier\" \/>\n\t<meta name=\"twitter:label2\" content=\"Dur\u00e9e de lecture estim\u00e9e\" \/>\n\t<meta name=\"twitter:data2\" content=\"5 minutes\" \/>\n<script type=\"application\/ld+json\" class=\"yoast-schema-graph\">{\"@context\":\"https:\/\/schema.org\",\"@graph\":[{\"@type\":\"Article\",\"@id\":\"https:\/\/www.olielo.com\/fr\/spa-nescens-la-reserve-geneve\/#article\",\"isPartOf\":{\"@id\":\"https:\/\/www.olielo.com\/fr\/spa-nescens-la-reserve-geneve\/\"},\"author\":{\"name\":\"Olivier\",\"@id\":\"https:\/\/www.olielo.com\/fr\/#\/schema\/person\/814d7bfbb39bfb85194c127d706daa6b\"},\"headline\":\"Spa Nescens &#8211; La R\u00e9serve Gen\u00e8ve\",\"datePublished\":\"2019-05-21T19:27:03+00:00\",\"dateModified\":\"2019-05-22T08:16:12+00:00\",\"mainEntityOfPage\":{\"@id\":\"https:\/\/www.olielo.com\/fr\/spa-nescens-la-reserve-geneve\/\"},\"wordCount\":1006,\"publisher\":{\"@id\":\"https:\/\/www.olielo.com\/fr\/#organization\"},\"image\":{\"@id\":\"https:\/\/www.olielo.com\/fr\/spa-nescens-la-reserve-geneve\/#primaryimage\"},\"thumbnailUrl\":\"https:\/\/www.olielo.com\/wp-content\/uploads\/2019\/05\/spa-la-reserve-geneve.jpg\",\"articleSection\":[\"Spa\"],\"inLanguage\":\"fr-FR\"},{\"@type\":\"WebPage\",\"@id\":\"https:\/\/www.olielo.com\/fr\/spa-nescens-la-reserve-geneve\/\",\"url\":\"https:\/\/www.olielo.com\/fr\/spa-nescens-la-reserve-geneve\/\",\"name\":\"Spa Nescens \u00e0 La R\u00e9serve Gen\u00e8ve : spa de luxe en Suisse\",\"isPartOf\":{\"@id\":\"https:\/\/www.olielo.com\/fr\/#website\"},\"primaryImageOfPage\":{\"@id\":\"https:\/\/www.olielo.com\/fr\/spa-nescens-la-reserve-geneve\/#primaryimage\"},\"image\":{\"@id\":\"https:\/\/www.olielo.com\/fr\/spa-nescens-la-reserve-geneve\/#primaryimage\"},\"thumbnailUrl\":\"https:\/\/www.olielo.com\/wp-content\/uploads\/2019\/05\/spa-la-reserve-geneve.jpg\",\"datePublished\":\"2019-05-21T19:27:03+00:00\",\"dateModified\":\"2019-05-22T08:16:12+00:00\",\"description\":\"Vous \u00eates \u00e0 la recherche d'un spa de luxe \u00e0 Gen\u00e8ve? D\u00e9couvrez notre avis sur le spa Nescens de La R\u00e9serve Gen\u00e8ve en Suisse, un spa de luxe sp\u00e9cialis\u00e9e dans les soins anti-\u00e2ge.\",\"breadcrumb\":{\"@id\":\"https:\/\/www.olielo.com\/fr\/spa-nescens-la-reserve-geneve\/#breadcrumb\"},\"inLanguage\":\"fr-FR\",\"potentialAction\":[{\"@type\":\"ReadAction\",\"target\":[\"https:\/\/www.olielo.com\/fr\/spa-nescens-la-reserve-geneve\/\"]}]},{\"@type\":\"ImageObject\",\"inLanguage\":\"fr-FR\",\"@id\":\"https:\/\/www.olielo.com\/fr\/spa-nescens-la-reserve-geneve\/#primaryimage\",\"url\":\"https:\/\/www.olielo.com\/wp-content\/uploads\/2019\/05\/spa-la-reserve-geneve.jpg\",\"contentUrl\":\"https:\/\/www.olielo.com\/wp-content\/uploads\/2019\/05\/spa-la-reserve-geneve.jpg\",\"width\":900,\"height\":600,\"caption\":\"Spa Nescens - La r\u00e9serve Gen\u00e8ve\"},{\"@type\":\"BreadcrumbList\",\"@id\":\"https:\/\/www.olielo.com\/fr\/spa-nescens-la-reserve-geneve\/#breadcrumb\",\"itemListElement\":[{\"@type\":\"ListItem\",\"position\":1,\"name\":\"Home\",\"item\":\"https:\/\/www.olielo.com\/fr\/\"},{\"@type\":\"ListItem\",\"position\":2,\"name\":\"Spa Nescens &#8211; La R\u00e9serve Gen\u00e8ve\"}]},{\"@type\":\"WebSite\",\"@id\":\"https:\/\/www.olielo.com\/fr\/#website\",\"url\":\"https:\/\/www.olielo.com\/fr\/\",\"name\":\"Olielo\",\"description\":\"\",\"publisher\":{\"@id\":\"https:\/\/www.olielo.com\/fr\/#organization\"},\"potentialAction\":[{\"@type\":\"SearchAction\",\"target\":{\"@type\":\"EntryPoint\",\"urlTemplate\":\"https:\/\/www.olielo.com\/fr\/?s={search_term_string}\"},\"query-input\":{\"@type\":\"PropertyValueSpecification\",\"valueRequired\":true,\"valueName\":\"search_term_string\"}}],\"inLanguage\":\"fr-FR\"},{\"@type\":\"Organization\",\"@id\":\"https:\/\/www.olielo.com\/fr\/#organization\",\"name\":\"Olielo\",\"url\":\"https:\/\/www.olielo.com\/fr\/\",\"logo\":{\"@type\":\"ImageObject\",\"inLanguage\":\"fr-FR\",\"@id\":\"https:\/\/www.olielo.com\/fr\/#\/schema\/logo\/image\/\",\"url\":\"https:\/\/www.olielo.com\/wp-content\/uploads\/2014\/11\/logo.png\",\"contentUrl\":\"https:\/\/www.olielo.com\/wp-content\/uploads\/2014\/11\/logo.png\",\"width\":172,\"height\":90,\"caption\":\"Olielo\"},\"image\":{\"@id\":\"https:\/\/www.olielo.com\/fr\/#\/schema\/logo\/image\/\"},\"sameAs\":[\"https:\/\/www.facebook.com\/olielotravels\",\"https:\/\/x.com\/olielo_travels\"]},{\"@type\":\"Person\",\"@id\":\"https:\/\/www.olielo.com\/fr\/#\/schema\/person\/814d7bfbb39bfb85194c127d706daa6b\",\"name\":\"Olivier\"}]}<\/script>\n<!-- \/ Yoast SEO plugin. -->","yoast_head_json":{"title":"Spa Nescens \u00e0 La R\u00e9serve Gen\u00e8ve : spa de luxe en Suisse","description":"Vous \u00eates \u00e0 la recherche d'un spa de luxe \u00e0 Gen\u00e8ve? D\u00e9couvrez notre avis sur le spa Nescens de La R\u00e9serve Gen\u00e8ve en Suisse, un spa de luxe sp\u00e9cialis\u00e9e dans les soins anti-\u00e2ge.","robots":{"index":"index","follow":"follow","max-snippet":"max-snippet:-1","max-image-preview":"max-image-preview:large","max-video-preview":"max-video-preview:-1"},"canonical":"https:\/\/www.olielo.com\/fr\/spa-nescens-la-reserve-geneve\/","og_locale":"fr_FR","og_type":"article","og_title":"Spa Nescens \u00e0 La R\u00e9serve Gen\u00e8ve : spa de luxe en Suisse","og_description":"Vous \u00eates \u00e0 la recherche d'un spa de luxe \u00e0 Gen\u00e8ve? D\u00e9couvrez notre avis sur le spa Nescens de La R\u00e9serve Gen\u00e8ve en Suisse, un spa de luxe sp\u00e9cialis\u00e9e dans les soins anti-\u00e2ge.","og_url":"https:\/\/www.olielo.com\/fr\/spa-nescens-la-reserve-geneve\/","og_site_name":"Olielo","article_publisher":"https:\/\/www.facebook.com\/olielotravels","article_published_time":"2019-05-21T19:27:03+00:00","article_modified_time":"2019-05-22T08:16:12+00:00","og_image":[{"width":900,"height":600,"url":"https:\/\/www.olielo.com\/wp-content\/uploads\/2019\/05\/spa-la-reserve-geneve.jpg","type":"image\/jpeg"}],"author":"Olivier","twitter_card":"summary_large_image","twitter_creator":"@olielo_travels","twitter_site":"@olielo_travels","twitter_misc":{"\u00c9crit par":"Olivier","Dur\u00e9e de lecture estim\u00e9e":"5 minutes"},"schema":{"@context":"https:\/\/schema.org","@graph":[{"@type":"Article","@id":"https:\/\/www.olielo.com\/fr\/spa-nescens-la-reserve-geneve\/#article","isPartOf":{"@id":"https:\/\/www.olielo.com\/fr\/spa-nescens-la-reserve-geneve\/"},"author":{"name":"Olivier","@id":"https:\/\/www.olielo.com\/fr\/#\/schema\/person\/814d7bfbb39bfb85194c127d706daa6b"},"headline":"Spa Nescens &#8211; La R\u00e9serve Gen\u00e8ve","datePublished":"2019-05-21T19:27:03+00:00","dateModified":"2019-05-22T08:16:12+00:00","mainEntityOfPage":{"@id":"https:\/\/www.olielo.com\/fr\/spa-nescens-la-reserve-geneve\/"},"wordCount":1006,"publisher":{"@id":"https:\/\/www.olielo.com\/fr\/#organization"},"image":{"@id":"https:\/\/www.olielo.com\/fr\/spa-nescens-la-reserve-geneve\/#primaryimage"},"thumbnailUrl":"https:\/\/www.olielo.com\/wp-content\/uploads\/2019\/05\/spa-la-reserve-geneve.jpg","articleSection":["Spa"],"inLanguage":"fr-FR"},{"@type":"WebPage","@id":"https:\/\/www.olielo.com\/fr\/spa-nescens-la-reserve-geneve\/","url":"https:\/\/www.olielo.com\/fr\/spa-nescens-la-reserve-geneve\/","name":"Spa Nescens \u00e0 La R\u00e9serve Gen\u00e8ve : spa de luxe en Suisse","isPartOf":{"@id":"https:\/\/www.olielo.com\/fr\/#website"},"primaryImageOfPage":{"@id":"https:\/\/www.olielo.com\/fr\/spa-nescens-la-reserve-geneve\/#primaryimage"},"image":{"@id":"https:\/\/www.olielo.com\/fr\/spa-nescens-la-reserve-geneve\/#primaryimage"},"thumbnailUrl":"https:\/\/www.olielo.com\/wp-content\/uploads\/2019\/05\/spa-la-reserve-geneve.jpg","datePublished":"2019-05-21T19:27:03+00:00","dateModified":"2019-05-22T08:16:12+00:00","description":"Vous \u00eates \u00e0 la recherche d'un spa de luxe \u00e0 Gen\u00e8ve? D\u00e9couvrez notre avis sur le spa Nescens de La R\u00e9serve Gen\u00e8ve en Suisse, un spa de luxe sp\u00e9cialis\u00e9e dans les soins anti-\u00e2ge.","breadcrumb":{"@id":"https:\/\/www.olielo.com\/fr\/spa-nescens-la-reserve-geneve\/#breadcrumb"},"inLanguage":"fr-FR","potentialAction":[{"@type":"ReadAction","target":["https:\/\/www.olielo.com\/fr\/spa-nescens-la-reserve-geneve\/"]}]},{"@type":"ImageObject","inLanguage":"fr-FR","@id":"https:\/\/www.olielo.com\/fr\/spa-nescens-la-reserve-geneve\/#primaryimage","url":"https:\/\/www.olielo.com\/wp-content\/uploads\/2019\/05\/spa-la-reserve-geneve.jpg","contentUrl":"https:\/\/www.olielo.com\/wp-content\/uploads\/2019\/05\/spa-la-reserve-geneve.jpg","width":900,"height":600,"caption":"Spa Nescens - La r\u00e9serve Gen\u00e8ve"},{"@type":"BreadcrumbList","@id":"https:\/\/www.olielo.com\/fr\/spa-nescens-la-reserve-geneve\/#breadcrumb","itemListElement":[{"@type":"ListItem","position":1,"name":"Home","item":"https:\/\/www.olielo.com\/fr\/"},{"@type":"ListItem","position":2,"name":"Spa Nescens &#8211; La R\u00e9serve Gen\u00e8ve"}]},{"@type":"WebSite","@id":"https:\/\/www.olielo.com\/fr\/#website","url":"https:\/\/www.olielo.com\/fr\/","name":"Olielo","description":"","publisher":{"@id":"https:\/\/www.olielo.com\/fr\/#organization"},"potentialAction":[{"@type":"SearchAction","target":{"@type":"EntryPoint","urlTemplate":"https:\/\/www.olielo.com\/fr\/?s={search_term_string}"},"query-input":{"@type":"PropertyValueSpecification","valueRequired":true,"valueName":"search_term_string"}}],"inLanguage":"fr-FR"},{"@type":"Organization","@id":"https:\/\/www.olielo.com\/fr\/#organization","name":"Olielo","url":"https:\/\/www.olielo.com\/fr\/","logo":{"@type":"ImageObject","inLanguage":"fr-FR","@id":"https:\/\/www.olielo.com\/fr\/#\/schema\/logo\/image\/","url":"https:\/\/www.olielo.com\/wp-content\/uploads\/2014\/11\/logo.png","contentUrl":"https:\/\/www.olielo.com\/wp-content\/uploads\/2014\/11\/logo.png","width":172,"height":90,"caption":"Olielo"},"image":{"@id":"https:\/\/www.olielo.com\/fr\/#\/schema\/logo\/image\/"},"sameAs":["https:\/\/www.facebook.com\/olielotravels","https:\/\/x.com\/olielo_travels"]},{"@type":"Person","@id":"https:\/\/www.olielo.com\/fr\/#\/schema\/person\/814d7bfbb39bfb85194c127d706daa6b","name":"Olivier"}]}},"_links":{"self":[{"href":"https:\/\/www.olielo.com\/fr\/wp-json\/wp\/v2\/posts\/14604","targetHints":{"allow":["GET"]}}],"collection":[{"href":"https:\/\/www.olielo.com\/fr\/wp-json\/wp\/v2\/posts"}],"about":[{"href":"https:\/\/www.olielo.com\/fr\/wp-json\/wp\/v2\/types\/post"}],"author":[{"embeddable":true,"href":"https:\/\/www.olielo.com\/fr\/wp-json\/wp\/v2\/users\/1"}],"replies":[{"embeddable":true,"href":"https:\/\/www.olielo.com\/fr\/wp-json\/wp\/v2\/comments?post=14604"}],"version-history":[{"count":0,"href":"https:\/\/www.olielo.com\/fr\/wp-json\/wp\/v2\/posts\/14604\/revisions"}],"wp:featuredmedia":[{"embeddable":true,"href":"https:\/\/www.olielo.com\/fr\/wp-json\/wp\/v2\/media\/14721"}],"wp:attachment":[{"href":"https:\/\/www.olielo.com\/fr\/wp-json\/wp\/v2\/media?parent=14604"}],"wp:term":[{"taxonomy":"category","embeddable":true,"href":"https:\/\/www.olielo.com\/fr\/wp-json\/wp\/v2\/categories?post=14604"},{"taxonomy":"post_tag","embeddable":true,"href":"https:\/\/www.olielo.com\/fr\/wp-json\/wp\/v2\/tags?post=14604"}],"curies":[{"name":"wp","href":"https:\/\/api.w.org\/{rel}","templated":true}]}}